{"id":1120,"date":"2022-11-11T18:21:25","date_gmt":"2022-11-11T18:21:25","guid":{"rendered":"https:\/\/www.sabaerospace.cz\/plato\/"},"modified":"2023-05-03T11:24:40","modified_gmt":"2023-05-03T11:24:40","slug":"plato","status":"publish","type":"post","link":"https:\/\/www.sabaerospace.cz\/en\/plato\/","title":{"rendered":"PLATO"},"content":{"rendered":"<p><a href=\"https:\/\/www.ceskenoviny.cz\/zpravy\/sab-aerospace-predala-evropske-kosmicke-agenture-modul-pro-druzici-plato\/2284447?fbclid=IwAR1rHWLbScj-dDHsiH--lnWpQ1su2k6Fs93Jb5eAsyaFI6FpCtHAozbcpFs\" target=\"_blank\" rel=\"noopener\">\u010cTK \/ Czech Press Agency<\/a><\/p>\n<p><a href=\"https:\/\/www.ceskatelevize.cz\/porady\/10122427178-udalosti-v-regionech-brno\/322281381991111\/\" target=\"_blank\" rel=\"noopener\">\u010cT \/ Czech TV &#8211; Ud\u00e1losti v regionech &#8211; 14:20<\/a><\/p>\n<p><a href=\"https:\/\/twitter.com\/udalostibrno\/status\/1592118143819792385\" target=\"_blank\" rel=\"noopener\">\u010cT \/ Czech TV &#8211; Ud\u00e1losti Brno<\/a><\/p>\n<p><a href=\"https:\/\/www.novinky.cz\/clanek\/veda-skoly-brnenska-firma-predala-evropske-kosmicke-agenture-modul-pro-druzici-plato-40414332?amp=1\" target=\"_blank\" rel=\"noopener\">novinky.cz<\/a><\/p>\n<p><a href=\"https:\/\/www.idnes.cz\/brno\/zpravy\/druzice-plato-vyvoj-konstrukce-sab-aerospace-agentura-esa.A221111_143531_brno-zpravy_mos1?galerie\" target=\"_blank\" rel=\"noopener\">iDnes<\/a><\/p>\n<p><a href=\"https:\/\/mdcr.cz\/Media\/Media-a-tiskove-zpravy\/Brnenska-firma-predala-konstrukci-pro-misi-PLATO\" target=\"_blank\" rel=\"noopener\">Ministerstvo dopravy \/ Ministry of Transportation<\/a><\/p>\n<p><a href=\"https:\/\/www.facebook.com\/martin.kupka1\/posts\/5440418906006652\" target=\"_blank\" rel=\"noopener\">Facebook Martin Kupka &#8211; Ministerstvo dopravy \/ Ministry of Transportation<\/a><\/p>\n<p><a href=\"https:\/\/www.camic.cz\/cs\/news\/sab-aerospace-pracuje-na-dulezite-dodavce-pro-esa\/\" target=\"_blank\" rel=\"noopener\">Italsko-\u010desk\u00e1 obchodn\u00ed a pr\u016fmyslov\u00e1 komora \/ Italian-Czech Chamber of Commerce and Industry<\/a><\/p>\n<p><img loading=\"lazy\" decoding=\"async\" class=\"alignnone size-medium wp-image-1096\" src=\"http:\/\/www.sabaerospace.cz\/wp-content\/uploads\/2023\/04\/Plato-above-300x223.jpg\" alt=\"\" width=\"300\" height=\"223\" srcset=\"https:\/\/www.sabaerospace.cz\/wp-content\/uploads\/2023\/04\/Plato-above-300x223.jpg 300w, https:\/\/www.sabaerospace.cz\/wp-content\/uploads\/2023\/04\/Plato-above.jpg 466w\" sizes=\"(max-width: 300px) 100vw, 300px\" \/><\/p>\n<p>&nbsp;<\/p>\n<p>&nbsp;<\/p>\n","protected":false},"excerpt":{"rendered":"<p>\u010cTK \/ Czech Press Agency \u010cT \/ Czech TV &#8211; Ud\u00e1losti v regionech &#8211; 14:20 \u010cT \/ Czech TV &#8211; Ud\u00e1losti Brno novinky.cz iDnes Ministerstvo dopravy \/ Ministry of Transportation Facebook Martin Kupka &#8211; Ministerstvo dopravy \/ Ministry of Transportation Italsko-\u010desk\u00e1 obchodn\u00ed a pr\u016fmyslov\u00e1 komora \/ Italian-Czech Chamber of Commerce and Industry &nbsp; &nbsp;<\/p>\n","protected":false},"author":2,"featured_media":1095,"comment_status":"closed","ping_status":"closed","sticky":false,"template":"","format":"standard","meta":{"_et_pb_use_builder":"","_et_pb_old_content":"","_et_gb_content_width":"","footnotes":""},"categories":[1],"tags":[],"class_list":["post-1120","post","type-post","status-publish","format-standard","has-post-thumbnail","hentry","category-news-en"],"_links":{"self":[{"href":"https:\/\/www.sabaerospace.cz\/en\/wp-json\/wp\/v2\/posts\/1120","targetHints":{"allow":["GET"]}}],"collection":[{"href":"https:\/\/www.sabaerospace.cz\/en\/wp-json\/wp\/v2\/posts"}],"about":[{"href":"https:\/\/www.sabaerospace.cz\/en\/wp-json\/wp\/v2\/types\/post"}],"author":[{"embeddable":true,"href":"https:\/\/www.sabaerospace.cz\/en\/wp-json\/wp\/v2\/users\/2"}],"replies":[{"embeddable":true,"href":"https:\/\/www.sabaerospace.cz\/en\/wp-json\/wp\/v2\/comments?post=1120"}],"version-history":[{"count":2,"href":"https:\/\/www.sabaerospace.cz\/en\/wp-json\/wp\/v2\/posts\/1120\/revisions"}],"predecessor-version":[{"id":1124,"href":"https:\/\/www.sabaerospace.cz\/en\/wp-json\/wp\/v2\/posts\/1120\/revisions\/1124"}],"wp:featuredmedia":[{"embeddable":true,"href":"https:\/\/www.sabaerospace.cz\/en\/wp-json\/wp\/v2\/media\/1095"}],"wp:attachment":[{"href":"https:\/\/www.sabaerospace.cz\/en\/wp-json\/wp\/v2\/media?parent=1120"}],"wp:term":[{"taxonomy":"category","embeddable":true,"href":"https:\/\/www.sabaerospace.cz\/en\/wp-json\/wp\/v2\/categories?post=1120"},{"taxonomy":"post_tag","embeddable":true,"href":"https:\/\/www.sabaerospace.cz\/en\/wp-json\/wp\/v2\/tags?post=1120"}],"curies":[{"name":"wp","href":"https:\/\/api.w.org\/{rel}","templated":true}]}}